{"id":385,"date":"2019-04-30T15:34:27","date_gmt":"2019-04-30T18:34:27","guid":{"rendered":"https:\/\/novaalternativafm87.com.br\/site\/?p=385"},"modified":"2021-11-06T09:51:04","modified_gmt":"2021-11-06T09:51:04","slug":"domingo","status":"publish","type":"post","link":"https:\/\/novaalternativafm87.com.br\/site\/2019\/04\/30\/domingo\/","title":{"rendered":"Domingo"},"content":{"rendered":"\n<p class=\"has-text-color has-background has-very-light-gray-color has-vivid-cyan-blue-background-color\">00:00 \u00e0s 07:29- Musical<\/p>\n\n\n\n<p class=\"has-text-color has-background has-very-light-gray-color has-vivid-cyan-blue-background-color\">07:30 \u00e0s 08:29 &#8211; Vozes da Juventude &#8211; PJMP<\/p>\n\n\n\n<p class=\"has-text-color has-background has-very-light-gray-color has-vivid-cyan-blue-background-color\">08:00 \u00e0s 09:44 &#8211; Santa Missa &#8211; Ig. N.S. do Perpetuo Socorro<\/p>\n\n\n\n<p class=\"has-text-color has-background has-very-light-gray-color has-vivid-cyan-blue-background-color\">09:45 \u00e0s 10:59 &#8211; Igreja Assembl\u00e9ia de Deus<\/p>\n\n\n\n<p class=\"has-text-color has-background has-very-light-gray-color has-vivid-cyan-blue-background-color\">11:00 \u00e0s 11:59 &#8211; Igreja Deus \u00e9 Amor<\/p>\n\n\n\n<p class=\"has-text-color has-background has-very-light-gray-color has-vivid-cyan-blue-background-color\">12:00 \u00e0s 13:29- Igreja Batista <\/p>\n\n\n\n<p class=\"has-text-color has-background has-very-light-gray-color has-vivid-cyan-blue-background-color\">13:30 \u00e0s 15:29 &#8211; Doming\u00e3o Sertanejo<\/p>\n\n\n\n<p class=\"has-text-color has-background has-very-light-gray-color has-vivid-cyan-blue-background-color\">15:30 \u00e0s 16:29 &#8211; Encontro com Amado Batista <\/p>\n\n\n\n<p class=\"has-text-color has-background has-very-light-gray-color has-vivid-cyan-blue-background-color\">16:30 \u00e0s 17:59 &#8211; Pagodiar<\/p>\n\n\n\n<p class=\"has-text-color has-background has-very-light-gray-color has-vivid-cyan-blue-background-color\">18:00 \u00e0s 18:59 &#8211; Bem Brasil<\/p>\n\n\n\n<p class=\"has-text-color has-background has-very-light-gray-color has-vivid-cyan-blue-background-color\">19:00 \u00e0s 19:59 &#8211; Missa Igreja N.S da Gl\u00f3ria<\/p>\n\n\n\n<p class=\"has-text-color has-background has-very-light-gray-color has-vivid-cyan-blue-background-color\">20:00 \u00e0s 23:59 &#8211; Musical<\/p>\n\n\n\n<p><\/p>\n","protected":false},"excerpt":{"rendered":"<p>00:00 \u00e0s 07:29- Musical 07:30 \u00e0s 08:29 &#8211; Vozes da Juventude &#8211; PJMP 08:00 \u00e0s 09:44 &#8211; Santa Missa &#8211;<\/p>\n","protected":false},"author":1,"featured_media":0,"comment_status":"closed","ping_status":"open","sticky":false,"template":"","format":"standard","meta":{"colormag_page_container_layout":"default_layout","colormag_page_sidebar_layout":"default_layout","_joinchat":[],"footnotes":""},"categories":[26],"tags":[],"class_list":["post-385","post","type-post","status-publish","format-standard","hentry","category-programacao"],"_links":{"self":[{"href":"https:\/\/novaalternativafm87.com.br\/site\/wp-json\/wp\/v2\/posts\/385","targetHints":{"allow":["GET"]}}],"collection":[{"href":"https:\/\/novaalternativafm87.com.br\/site\/wp-json\/wp\/v2\/posts"}],"about":[{"href":"https:\/\/novaalternativafm87.com.br\/site\/wp-json\/wp\/v2\/types\/post"}],"author":[{"embeddable":true,"href":"https:\/\/novaalternativafm87.com.br\/site\/wp-json\/wp\/v2\/users\/1"}],"replies":[{"embeddable":true,"href":"https:\/\/novaalternativafm87.com.br\/site\/wp-json\/wp\/v2\/comments?post=385"}],"version-history":[{"count":4,"href":"https:\/\/novaalternativafm87.com.br\/site\/wp-json\/wp\/v2\/posts\/385\/revisions"}],"predecessor-version":[{"id":851,"href":"https:\/\/novaalternativafm87.com.br\/site\/wp-json\/wp\/v2\/posts\/385\/revisions\/851"}],"wp:attachment":[{"href":"https:\/\/novaalternativafm87.com.br\/site\/wp-json\/wp\/v2\/media?parent=385"}],"wp:term":[{"taxonomy":"category","embeddable":true,"href":"https:\/\/novaalternativafm87.com.br\/site\/wp-json\/wp\/v2\/categories?post=385"},{"taxonomy":"post_tag","embeddable":true,"href":"https:\/\/novaalternativafm87.com.br\/site\/wp-json\/wp\/v2\/tags?post=385"}],"curies":[{"name":"wp","href":"https:\/\/api.w.org\/{rel}","templated":true}]}}