{"id":377,"date":"2019-04-30T15:32:32","date_gmt":"2019-04-30T18:32:32","guid":{"rendered":"https:\/\/novaalternativafm87.com.br\/site\/?p=377"},"modified":"2019-05-01T20:02:36","modified_gmt":"2019-05-01T23:02:36","slug":"quarta","status":"publish","type":"post","link":"https:\/\/novaalternativafm87.com.br\/site\/2019\/04\/30\/quarta\/","title":{"rendered":"Quarta"},"content":{"rendered":"\n<p class=\"has-text-color has-background has-very-light-gray-color has-vivid-cyan-blue-background-color\"> 00:00 \u00e0s 06:00 &#8211;  Musical<\/p>\n\n\n\n<p class=\"has-text-color has-background has-very-light-gray-color has-vivid-cyan-blue-background-color\">06:00 \u00e0s 07:00 &#8211; Encontro com a Poesia &#8211; Osmarino Freitas<\/p>\n\n\n\n<p class=\"has-text-color has-background has-very-light-gray-color has-vivid-cyan-blue-background-color\">07:00 \u00e0s 08:00 &#8211; Nova Dimens\u00e3o &#8211; Pastor Valdemar Mendes<\/p>\n\n\n\n<p class=\"has-text-color has-background has-very-light-gray-color has-vivid-cyan-blue-background-color\">08:00 \u00e0s 10:00 &#8211; Conex\u00e3o 87 &#8211; Luiz Carlos<\/p>\n\n\n\n<p class=\"has-text-color has-background has-very-light-gray-color has-vivid-cyan-blue-background-color\">10:00 \u00e0s 11:00 &#8211; Experi\u00eancia de Deus &#8211; Pe. Reginaldo Manzotti<\/p>\n\n\n\n<p class=\"has-text-color has-background has-very-light-gray-color has-vivid-cyan-blue-background-color\">10:00 \u00e0s 11:00 &#8211; Experi\u00eancia de Deus &#8211; Pe. Reginaldo Manzotti<\/p>\n\n\n\n<p class=\"has-text-color has-background has-very-light-gray-color has-vivid-cyan-blue-background-color\">11:00 \u00e0s 11:30- Viva Bem Brasil &#8211; <\/p>\n\n\n\n<p class=\"has-text-color has-background has-very-light-gray-color has-vivid-cyan-blue-background-color\">11:30 \u00e0s 12:30- Radio Jornal &#8211; Carlos Audi e Edilene Lima<\/p>\n\n\n\n<p class=\"has-text-color has-background has-very-light-gray-color has-vivid-cyan-blue-background-color\">12:30 \u00e0s 13:30- Evang\u00e9lico &#8211; Diversos<\/p>\n\n\n\n<p class=\"has-text-color has-background has-very-light-gray-color has-vivid-cyan-blue-background-color\">13:30 \u00e0s 13:45- Voz de Profecia &#8211; Adventista do S\u00e9timo Dia<\/p>\n\n\n\n<p class=\"has-text-color has-background has-very-light-gray-color has-vivid-cyan-blue-background-color\">13:45 \u00e0s 16:00 &#8211; Tarde Alternativa &#8211; Z\u00e9 Neto<\/p>\n\n\n\n<p class=\"has-text-color has-background has-very-light-gray-color has-vivid-cyan-blue-background-color\">13:45 \u00e0s 16:00 &#8211; Tarde Alternativa &#8211; Z\u00e9 Neto<\/p>\n\n\n\n<p class=\"has-text-color has-background has-very-light-gray-color has-vivid-cyan-blue-background-color\">16:00 \u00e0s 18:00 &#8211; Musical<\/p>\n\n\n\n<p class=\"has-text-color has-background has-very-light-gray-color has-vivid-cyan-blue-background-color\">18:00 \u00e0s 19:00 &#8211; Sinal de Vida &#8211; Cat\u00f3lico<\/p>\n\n\n\n<p class=\"has-text-color has-background has-very-light-gray-color has-vivid-cyan-blue-background-color\">19:00 \u00e0s 20:00 &#8211; Voz do Brasil<\/p>\n\n\n\n<p class=\"has-text-color has-background has-very-light-gray-color has-vivid-cyan-blue-background-color\">20:00 \u00e0s 00:00 &#8211; Musical<\/p>\n\n\n<p><!--EndFragment--><\/p>\n<p><\/p>","protected":false},"excerpt":{"rendered":"<p>00:00 \u00e0s 06:00 &#8211; Musical 06:00 \u00e0s 07:00 &#8211; Encontro com a Poesia &#8211; Osmarino Freitas 07:00 \u00e0s 08:00 &#8211;<\/p>\n","protected":false},"author":1,"featured_media":0,"comment_status":"closed","ping_status":"open","sticky":false,"template":"","format":"standard","meta":{"colormag_page_container_layout":"default_layout","colormag_page_sidebar_layout":"default_layout","_joinchat":[],"footnotes":""},"categories":[26],"tags":[],"class_list":["post-377","post","type-post","status-publish","format-standard","hentry","category-programacao"],"_links":{"self":[{"href":"https:\/\/novaalternativafm87.com.br\/site\/wp-json\/wp\/v2\/posts\/377","targetHints":{"allow":["GET"]}}],"collection":[{"href":"https:\/\/novaalternativafm87.com.br\/site\/wp-json\/wp\/v2\/posts"}],"about":[{"href":"https:\/\/novaalternativafm87.com.br\/site\/wp-json\/wp\/v2\/types\/post"}],"author":[{"embeddable":true,"href":"https:\/\/novaalternativafm87.com.br\/site\/wp-json\/wp\/v2\/users\/1"}],"replies":[{"embeddable":true,"href":"https:\/\/novaalternativafm87.com.br\/site\/wp-json\/wp\/v2\/comments?post=377"}],"version-history":[{"count":3,"href":"https:\/\/novaalternativafm87.com.br\/site\/wp-json\/wp\/v2\/posts\/377\/revisions"}],"predecessor-version":[{"id":441,"href":"https:\/\/novaalternativafm87.com.br\/site\/wp-json\/wp\/v2\/posts\/377\/revisions\/441"}],"wp:attachment":[{"href":"https:\/\/novaalternativafm87.com.br\/site\/wp-json\/wp\/v2\/media?parent=377"}],"wp:term":[{"taxonomy":"category","embeddable":true,"href":"https:\/\/novaalternativafm87.com.br\/site\/wp-json\/wp\/v2\/categories?post=377"},{"taxonomy":"post_tag","embeddable":true,"href":"https:\/\/novaalternativafm87.com.br\/site\/wp-json\/wp\/v2\/tags?post=377"}],"curies":[{"name":"wp","href":"https:\/\/api.w.org\/{rel}","templated":true}]}}