{"id":1430,"date":"2026-05-02T22:28:56","date_gmt":"2026-05-03T01:28:56","guid":{"rendered":"https:\/\/novaalternativafm87.com.br\/site\/?p=1430"},"modified":"2026-05-02T22:28:56","modified_gmt":"2026-05-03T01:28:56","slug":"cantor-matheus-da-dupla-com-kauan-anuncia-separacao-da-esposa-apos-14-anos-juntos","status":"publish","type":"post","link":"https:\/\/novaalternativafm87.com.br\/site\/2026\/05\/02\/cantor-matheus-da-dupla-com-kauan-anuncia-separacao-da-esposa-apos-14-anos-juntos\/","title":{"rendered":"Cantor Matheus, da dupla com Kauan, anuncia separa\u00e7\u00e3o da esposa, ap\u00f3s 14 anos juntos"},"content":{"rendered":"\n<p>&#8220;O amor n\u00e3o acabou, mas o nosso relacionamento como casal, sim&#8221;: com estas palavras, o cantor sertanejo Matheus, da dupla com Kauan, anunciou, neste s\u00e1bado (2), a separa\u00e7\u00e3o da esposa, Paula Aires, nas redes sociais.<\/p>\n\n\n\n<p>Apesar de casados desde 2018, eles tinham 14 anos juntos. Na publica\u00e7\u00e3o, o artista sublinha que a hist\u00f3ria do agora ex-casal foi escrita &#8220;de uma forma linda&#8221;. &#8220;Com amor, admira\u00e7\u00e3o, parceria e muita dedica\u00e7\u00e3o&#8221;, destacou.<\/p>\n\n\n\n<p>&#8220;Constru\u00edmos juntos uma fam\u00edlia que nos enche de orgulho e uma trajet\u00f3ria marcada por conquistas que sempre levaremos conosco&#8221;. Em algum momento, por\u00e9m, o cantor conta que os caminhos de ambos &#8220;passaram a seguir dire\u00e7\u00f5es diferentes&#8221;.<\/p>\n\n\n\n<p><\/p>\n","protected":false},"excerpt":{"rendered":"<p>&#8220;O amor n\u00e3o acabou, mas o nosso relacionamento como casal, sim&#8221;: com estas palavras, o cantor sertanejo Matheus, da dupla<\/p>\n","protected":false},"author":3,"featured_media":1431,"comment_status":"closed","ping_status":"open","sticky":false,"template":"","format":"standard","meta":{"colormag_page_container_layout":"default_layout","colormag_page_sidebar_layout":"default_layout","_joinchat":[],"footnotes":""},"categories":[2,12],"tags":[],"class_list":["post-1430","post","type-post","status-publish","format-standard","has-post-thumbnail","hentry","category-gente","category-ultimas"],"_links":{"self":[{"href":"https:\/\/novaalternativafm87.com.br\/site\/wp-json\/wp\/v2\/posts\/1430","targetHints":{"allow":["GET"]}}],"collection":[{"href":"https:\/\/novaalternativafm87.com.br\/site\/wp-json\/wp\/v2\/posts"}],"about":[{"href":"https:\/\/novaalternativafm87.com.br\/site\/wp-json\/wp\/v2\/types\/post"}],"author":[{"embeddable":true,"href":"https:\/\/novaalternativafm87.com.br\/site\/wp-json\/wp\/v2\/users\/3"}],"replies":[{"embeddable":true,"href":"https:\/\/novaalternativafm87.com.br\/site\/wp-json\/wp\/v2\/comments?post=1430"}],"version-history":[{"count":1,"href":"https:\/\/novaalternativafm87.com.br\/site\/wp-json\/wp\/v2\/posts\/1430\/revisions"}],"predecessor-version":[{"id":1432,"href":"https:\/\/novaalternativafm87.com.br\/site\/wp-json\/wp\/v2\/posts\/1430\/revisions\/1432"}],"wp:featuredmedia":[{"embeddable":true,"href":"https:\/\/novaalternativafm87.com.br\/site\/wp-json\/wp\/v2\/media\/1431"}],"wp:attachment":[{"href":"https:\/\/novaalternativafm87.com.br\/site\/wp-json\/wp\/v2\/media?parent=1430"}],"wp:term":[{"taxonomy":"category","embeddable":true,"href":"https:\/\/novaalternativafm87.com.br\/site\/wp-json\/wp\/v2\/categories?post=1430"},{"taxonomy":"post_tag","embeddable":true,"href":"https:\/\/novaalternativafm87.com.br\/site\/wp-json\/wp\/v2\/tags?post=1430"}],"curies":[{"name":"wp","href":"https:\/\/api.w.org\/{rel}","templated":true}]}}